{"id":343,"date":"2019-10-13T13:42:56","date_gmt":"2019-10-13T13:42:56","guid":{"rendered":"http:\/\/www.glaendalecameron.de\/?p=343"},"modified":"2021-02-06T09:58:17","modified_gmt":"2021-02-06T08:58:17","slug":"ausstellungen-2018","status":"publish","type":"post","link":"https:\/\/www.glaendalecameron.de\/en\/ausstellungen-2018\/","title":{"rendered":"Show results 2018"},"content":{"rendered":"<p>CAC Buchholz 17.02.2018 Baby Klasse R\u00fcden vv1<\/p>\n\n\n<hr class=\"wp-block-separator\"\/>\n\n\n\n<p>CAC Lehre 25.03.2018 Baby Klasse R\u00fcden vv1 <\/p>\n\n\n\n<hr class=\"wp-block-separator\"\/>\n\n\n\n<p>Europasieger-Ausstellung Dortmund 11.05.2018 J\u00fcngstenklasse R\u00fcde Michael Wirth (D) vsp 1 <\/p>\n\n\n\n<hr class=\"wp-block-separator\"\/>\n\n\n\n<p>Internationale Ausstellung Dortmund 12.05.2018 J\u00fcngstenklasse R\u00fcde Paul Jentgen (LUX) vsp 1 <\/p>\n\n\n\n<hr class=\"wp-block-separator\"\/>\n\n\n\n<p>Intern. Rassehund-Ausstellung Neum\u00fcnster 03.06.2018 J\u00fcngstenklasse R\u00fcde Sonia Kelveri Philippou \/ CY vv1 <\/p>\n\n\n\n<hr class=\"wp-block-separator\"\/>\n\n\n\n<p>Intern. Ausstellung Hannover 30.06.2018 J\u00fcngstenklasse R\u00fcde Rachel Dijkhorst-Noij (NL) vv2 <\/p>\n\n\n\n<hr class=\"wp-block-separator\"\/>\n\n\n\n<p>Annual Trophy Show Hannover 01.07.2018 J\u00fcngstenklasse R\u00fcden Barbara M\u00fcller (CH) vv1 <\/p>\n\n\n\n<hr class=\"wp-block-separator\"\/>\n\n\n\n<p>CAC Sottrum 05.08.2018 Jugendklasse R\u00fcden Birgitte Schj\u00f6th, DK  V2 CAC-J-R CAC(VDH)-J-R  <\/p>\n\n\n\n<hr class=\"wp-block-separator\"\/>\n\n\n\n<p>Intern. Rassehund Ausstellung Bremen 01.09.2018 Jugendklasse R\u00fcden V1 1. Anwartschaft f\u00fcr den Titel Dt. Jgd. Ch CAC \/ VDH <\/p>\n\n\n\n<hr class=\"wp-block-separator\"\/>\n\n\n\n<p>Nationale Rassehund Ausstellung Bremen 02.09.2018 Jugendklasse R\u00fcden V1 2. Anwartschaft f\u00fcr den Titel Dt. Jgd. Ch CAC \/ VDH <strong>Bester Junghund! <\/strong><\/p>\n\n\n\n<hr class=\"wp-block-separator\"\/>\n\n\n\n<p>CAC Kaltenkirchen 16.09.2018 Jugendklasse R\u00fcden V2 CAC-J-R CAC(VDH)-J-R<\/p>\n\n\n\n<hr class=\"wp-block-separator\"\/>\n\n\n\n<p>Intern. Rassehund Ausstellung Rostock 06.10.2018 Jugendklasse R\u00fcden V1 Letzte Anwartschaft Dt. Jugend Ch.VDH\/CLUB <\/p>\n\n\n\n<p> <strong>Jugendsieger Rostock!  <\/strong><\/p>\n\n\n\n<p class=\"has-text-color has-background has-very-dark-gray-color has-very-light-gray-background-color\"><em><strong>DEUTSCHER JUGEND-Champion VDH 30.10.2018<\/strong><\/em>   <\/p>\n\n\n\n<hr class=\"wp-block-separator\"\/>","protected":false},"excerpt":{"rendered":"<p>CAC Buchholz 17.02.2018 Baby Klasse R\u00fcden vv1 CAC Lehre 25.03.2018 Baby Klasse R\u00fcden vv1 Europasieger-Ausstellung Dortmund 11.05.2018 J\u00fcngstenklasse R\u00fcde Michael Wirth (D) vsp 1 Internationale Ausstellung Dortmund 12.05.2018 J\u00fcngstenklasse R\u00fcde Paul Jentgen (LUX) vsp 1 Intern. Rassehund-Ausstellung Neum\u00fcnster 03.06.2018 J\u00fcngstenklasse R\u00fcde Sonia Kelveri Philippou \/ CY vv1 Intern. Ausstellung Hannover 30.06.2018 J\u00fcngstenklasse R\u00fcde Rachel Dijkhorst-Noij (NL) vv2 Annual Trophy Show Hannover 01.07.2018 J\u00fcngstenklasse R\u00fcden Barbara M\u00fcller (CH) vv1 CAC Sottrum 05.08.2018 Jugendklasse R\u00fcden Birgitte Schj\u00f6th, DK V2 CAC-J-R CAC(VDH)-J-R Intern. Rassehund Ausstellung Bremen 01.09.2018 Jugendklasse R\u00fcden V1 1. Anwartschaft f\u00fcr den Titel Dt. Jgd. Ch CAC \/ VDH Nationale Rassehund Ausstellung Bremen 02.09.2018 Jugendklasse R\u00fcden V1 2. Anwartschaft f\u00fcr den Titel Dt. Jgd. Ch CAC \/ VDH Bester Junghund! CAC Kaltenkirchen 16.09.2018 Jugendklasse R\u00fcden V2 CAC-J-R CAC(VDH)-J-R Intern. Rassehund Ausstellung Rostock 06.10.2018 Jugendklasse R\u00fcden V1 Letzte Anwartschaft Dt. Jugend Ch.VDH\/CLUB Jugendsieger Rostock! DEUTSCHER JUGEND-Champion VDH 30.10.2018<\/p>","protected":false},"author":1,"featured_media":0,"comment_status":"closed","ping_status":"open","sticky":false,"template":"","format":"standard","meta":{"ngg_post_thumbnail":0,"pgc_sgb_lightbox_settings":""},"categories":[7],"tags":[],"_links":{"self":[{"href":"https:\/\/www.glaendalecameron.de\/en\/wp-json\/wp\/v2\/posts\/343"}],"collection":[{"href":"https:\/\/www.glaendalecameron.de\/en\/wp-json\/wp\/v2\/posts"}],"about":[{"href":"https:\/\/www.glaendalecameron.de\/en\/wp-json\/wp\/v2\/types\/post"}],"author":[{"embeddable":true,"href":"https:\/\/www.glaendalecameron.de\/en\/wp-json\/wp\/v2\/users\/1"}],"replies":[{"embeddable":true,"href":"https:\/\/www.glaendalecameron.de\/en\/wp-json\/wp\/v2\/comments?post=343"}],"version-history":[{"count":7,"href":"https:\/\/www.glaendalecameron.de\/en\/wp-json\/wp\/v2\/posts\/343\/revisions"}],"predecessor-version":[{"id":857,"href":"https:\/\/www.glaendalecameron.de\/en\/wp-json\/wp\/v2\/posts\/343\/revisions\/857"}],"wp:attachment":[{"href":"https:\/\/www.glaendalecameron.de\/en\/wp-json\/wp\/v2\/media?parent=343"}],"wp:term":[{"taxonomy":"category","embeddable":true,"href":"https:\/\/www.glaendalecameron.de\/en\/wp-json\/wp\/v2\/categories?post=343"},{"taxonomy":"post_tag","embeddable":true,"href":"https:\/\/www.glaendalecameron.de\/en\/wp-json\/wp\/v2\/tags?post=343"}],"curies":[{"name":"wp","href":"https:\/\/api.w.org\/{rel}","templated":true}]}}